{"id":120,"date":"2009-03-08T14:29:10","date_gmt":"2009-03-08T13:29:10","guid":{"rendered":"http:\/\/mundgericht.de\/?p=120"},"modified":"2011-03-20T13:29:04","modified_gmt":"2011-03-20T11:29:04","slug":"grune-bohnen-mit-zitronensauce","status":"publish","type":"post","link":"http:\/\/mundgericht.de\/index.php\/grune-bohnen-mit-zitronensauce\/","title":{"rendered":"Gr\u00fcne Bohnen mit Zitronensauce"},"content":{"rendered":"<p>Schnell zubereitet. Sollte aber einige Stunden ziehen.<\/p>\n<p><!--more--><strong><span lang=\"DE\">500 gr. gr\u00fcne Bohnen<br \/>\n3 Lauchzwiebeln<br \/>\n2 Knoblauchzehen<\/span><br \/>\n2 Zitronen<span lang=\"DE\"><br \/>\nButter<\/span><span lang=\"DE\"><br \/>\nOliven\u00f6l<\/span><br \/>\nSalz, Pfeffer, Zucker<\/strong><\/p>\n<div><span lang=\"DE\">Die Bohnen putzen und waschen, in kochendem Salzwasser 8-10 Minuten kochen, sie sollten unbedingt noch Biss haben. Gut abtropfen lassen und beiseite stellen.<br \/>\nButter erhitzen, \u00d6l zugeben, die in Ringe geschnittenen Lauchzwiebeln anbraten und \u00fcber die Bohnen geben.<br \/>\nDen Saft von zwei Zitronen mit dem Oliven\u00f6l und demn gehackten Knoblauch verr\u00fchren und \u00fcber die Bohnen gie\u00dfen.<br \/>\nMit Salz und Pfeffer w\u00fcrzen, eventuell noch mit\u00a0Zucker nachw\u00fcrzen. <\/span><\/div>\n<p><span lang=\"DE\">Danach einige Stunden an einem k\u00fchlen Ort oder im K\u00fchlschrank marinieren lassen.<\/span><\/p>\n","protected":false},"excerpt":{"rendered":"<p>Schnell zubereitet. Sollte aber einige Stunden ziehen.<\/p>\n","protected":false},"author":2,"featured_media":0,"comment_status":"open","ping_status":"open","sticky":false,"template":"","format":"standard","meta":[],"categories":[6],"tags":[25,20,1021,57],"aioseo_notices":[],"_links":{"self":[{"href":"http:\/\/mundgericht.de\/index.php\/wp-json\/wp\/v2\/posts\/120"}],"collection":[{"href":"http:\/\/mundgericht.de\/index.php\/wp-json\/wp\/v2\/posts"}],"about":[{"href":"http:\/\/mundgericht.de\/index.php\/wp-json\/wp\/v2\/types\/post"}],"author":[{"embeddable":true,"href":"http:\/\/mundgericht.de\/index.php\/wp-json\/wp\/v2\/users\/2"}],"replies":[{"embeddable":true,"href":"http:\/\/mundgericht.de\/index.php\/wp-json\/wp\/v2\/comments?post=120"}],"version-history":[{"count":0,"href":"http:\/\/mundgericht.de\/index.php\/wp-json\/wp\/v2\/posts\/120\/revisions"}],"wp:attachment":[{"href":"http:\/\/mundgericht.de\/index.php\/wp-json\/wp\/v2\/media?parent=120"}],"wp:term":[{"taxonomy":"category","embeddable":true,"href":"http:\/\/mundgericht.de\/index.php\/wp-json\/wp\/v2\/categories?post=120"},{"taxonomy":"post_tag","embeddable":true,"href":"http:\/\/mundgericht.de\/index.php\/wp-json\/wp\/v2\/tags?post=120"}],"curies":[{"name":"wp","href":"https:\/\/api.w.org\/{rel}","templated":true}]}}