{"id":3720,"date":"2009-08-12T07:13:55","date_gmt":"2009-08-12T05:13:55","guid":{"rendered":"http:\/\/mundgericht.de\/?p=3720"},"modified":"2011-03-20T13:28:53","modified_gmt":"2011-03-20T11:28:53","slug":"spanischer-mandelkuchen","status":"publish","type":"post","link":"http:\/\/mundgericht.de\/index.php\/spanischer-mandelkuchen\/","title":{"rendered":"Spanischer Mandelkuchen"},"content":{"rendered":"<p><a href=\"http:\/\/mundgericht.de\/wp-content\/uploads\/2009\/08\/mandeltorte-kopie_ji.jpg\" rel=\"lightbox[3720]\"><img decoding=\"async\" loading=\"lazy\" class=\"alignnone size-full wp-image-3721\" title=\"mandeltorte\" src=\"http:\/\/mundgericht.de\/wp-content\/uploads\/2009\/08\/mandeltorte-kopie_ji.jpg\" alt=\"mandeltorte\" width=\"300\" height=\"225\" srcset=\"http:\/\/mundgericht.de\/wp-content\/uploads\/2009\/08\/mandeltorte-kopie_ji.jpg 800w, http:\/\/mundgericht.de\/wp-content\/uploads\/2009\/08\/mandeltorte-kopie_ji-300x225.jpg 300w\" sizes=\"(max-width: 300px) 100vw, 300px\" \/><\/a><\/p>\n<p>Durch seinen riesigen Anteil an Zucker und 12 Eiern kein Leichtgewicht. Also nur ein kleines St\u00fcck und dazu eine hei\u00dfe Schokolade oder eine Mandelmilch.<\/p>\n<p><!--more--><\/p>\n<p><strong>500 gr. gemahlende Mandeln<br \/>\n450 gr. Zucker<br \/>\n12 Eier<br \/>\nZimt<br \/>\nAbgeriebene Zitronenschale<\/strong><\/p>\n<p>Die Eier mit dem Mandelmehl, dem Zucker und ein wenig Zimt und den Zitronenzesten zu einer z\u00e4hfl\u00fcssigen Masse r\u00fchren.<\/p>\n<p>In eine Auflaufform geben. Im Backofen 30-45 Minuten bei 190 Grad backen.<\/p>\n","protected":false},"excerpt":{"rendered":"<p>Durch seinen riesigen Anteil an Zucker und 12 Eiern kein Leichtgewicht. Also nur ein kleines St\u00fcck und dazu eine hei\u00dfe Schokolade oder eine Mandelmilch.<\/p>\n","protected":false},"author":2,"featured_media":3721,"comment_status":"open","ping_status":"open","sticky":false,"template":"","format":"standard","meta":[],"categories":[72],"tags":[109,36,20,112],"aioseo_notices":[],"_links":{"self":[{"href":"http:\/\/mundgericht.de\/index.php\/wp-json\/wp\/v2\/posts\/3720"}],"collection":[{"href":"http:\/\/mundgericht.de\/index.php\/wp-json\/wp\/v2\/posts"}],"about":[{"href":"http:\/\/mundgericht.de\/index.php\/wp-json\/wp\/v2\/types\/post"}],"author":[{"embeddable":true,"href":"http:\/\/mundgericht.de\/index.php\/wp-json\/wp\/v2\/users\/2"}],"replies":[{"embeddable":true,"href":"http:\/\/mundgericht.de\/index.php\/wp-json\/wp\/v2\/comments?post=3720"}],"version-history":[{"count":0,"href":"http:\/\/mundgericht.de\/index.php\/wp-json\/wp\/v2\/posts\/3720\/revisions"}],"wp:featuredmedia":[{"embeddable":true,"href":"http:\/\/mundgericht.de\/index.php\/wp-json\/wp\/v2\/media\/3721"}],"wp:attachment":[{"href":"http:\/\/mundgericht.de\/index.php\/wp-json\/wp\/v2\/media?parent=3720"}],"wp:term":[{"taxonomy":"category","embeddable":true,"href":"http:\/\/mundgericht.de\/index.php\/wp-json\/wp\/v2\/categories?post=3720"},{"taxonomy":"post_tag","embeddable":true,"href":"http:\/\/mundgericht.de\/index.php\/wp-json\/wp\/v2\/tags?post=3720"}],"curies":[{"name":"wp","href":"https:\/\/api.w.org\/{rel}","templated":true}]}}