{"id":594,"date":"2009-03-21T15:26:13","date_gmt":"2009-03-21T14:26:13","guid":{"rendered":"http:\/\/mundgericht.de\/?p=594"},"modified":"2011-03-26T23:17:49","modified_gmt":"2011-03-26T21:17:49","slug":"rote-beete-apfel-salat","status":"publish","type":"post","link":"http:\/\/mundgericht.de\/index.php\/rote-beete-apfel-salat\/","title":{"rendered":"Rote-Bete-Apfel-Salat"},"content":{"rendered":"<p><a href=\"http:\/\/mundgericht.de\/wp-content\/uploads\/2009\/03\/beete-apfel-salat-w800-w800.jpg\" rel=\"lightbox[594]\"><img decoding=\"async\" loading=\"lazy\" class=\"alignnone size-full wp-image-612\" title=\"beete-apfel-salat-w800-w800\" src=\"http:\/\/mundgericht.de\/wp-content\/uploads\/2009\/03\/beete-apfel-salat-w800-w800.jpg\" alt=\"beete-apfel-salat-w800-w800\" width=\"300\" height=\"225\" srcset=\"http:\/\/mundgericht.de\/wp-content\/uploads\/2009\/03\/beete-apfel-salat-w800-w800.jpg 800w, http:\/\/mundgericht.de\/wp-content\/uploads\/2009\/03\/beete-apfel-salat-w800-w800-300x225.jpg 300w\" sizes=\"(max-width: 300px) 100vw, 300px\" \/><\/a><\/p>\n<p>Ist im Handumdrehen hergestellt.<\/p>\n<p><!--more--><strong>200 gr. Rote Bete (aus dem Glas)<br \/>\n1 Apfel<br \/>\n5 EL Sahne<br \/>\n1 EL Sahnemeerrettich<\/strong><\/p>\n<p>In einer Schale die Sahne mit dem Sahnemeerrettich verr\u00fchren. Den gew\u00fcrfelten Apfel (m\u00f6glichst knackig und s\u00fcss-sauer) dazugeben. Die Betescheiben darunterheben. Mit ein wenig Zucker und eventuell Zitronensaft abschmecken.<\/p>\n<p>Wer mag, kann noch mit geriebenem Ingwer oder einer Messerspitze K\u00fcmmel verfeinern.<\/p>\n","protected":false},"excerpt":{"rendered":"<p>Ist im Handumdrehen hergestellt.<\/p>\n","protected":false},"author":2,"featured_media":612,"comment_status":"open","ping_status":"open","sticky":false,"template":"","format":"standard","meta":[],"categories":[59],"tags":[32,69,490,57],"aioseo_notices":[],"_links":{"self":[{"href":"http:\/\/mundgericht.de\/index.php\/wp-json\/wp\/v2\/posts\/594"}],"collection":[{"href":"http:\/\/mundgericht.de\/index.php\/wp-json\/wp\/v2\/posts"}],"about":[{"href":"http:\/\/mundgericht.de\/index.php\/wp-json\/wp\/v2\/types\/post"}],"author":[{"embeddable":true,"href":"http:\/\/mundgericht.de\/index.php\/wp-json\/wp\/v2\/users\/2"}],"replies":[{"embeddable":true,"href":"http:\/\/mundgericht.de\/index.php\/wp-json\/wp\/v2\/comments?post=594"}],"version-history":[{"count":0,"href":"http:\/\/mundgericht.de\/index.php\/wp-json\/wp\/v2\/posts\/594\/revisions"}],"wp:featuredmedia":[{"embeddable":true,"href":"http:\/\/mundgericht.de\/index.php\/wp-json\/wp\/v2\/media\/612"}],"wp:attachment":[{"href":"http:\/\/mundgericht.de\/index.php\/wp-json\/wp\/v2\/media?parent=594"}],"wp:term":[{"taxonomy":"category","embeddable":true,"href":"http:\/\/mundgericht.de\/index.php\/wp-json\/wp\/v2\/categories?post=594"},{"taxonomy":"post_tag","embeddable":true,"href":"http:\/\/mundgericht.de\/index.php\/wp-json\/wp\/v2\/tags?post=594"}],"curies":[{"name":"wp","href":"https:\/\/api.w.org\/{rel}","templated":true}]}}