{"id":14959,"date":"2016-02-14T14:58:37","date_gmt":"2016-02-14T13:58:37","guid":{"rendered":"http:\/\/mundgericht.de\/?p=14959"},"modified":"2016-02-14T15:01:48","modified_gmt":"2016-02-14T14:01:48","slug":"bratapfel-terrine","status":"publish","type":"post","link":"https:\/\/mundgericht.de\/index.php\/bratapfel-terrine\/","title":{"rendered":"Bratapfel- Terrine"},"content":{"rendered":"<p><a href=\"http:\/\/mundgericht.de\/wp-content\/uploads\/2016\/02\/Bratapfelterrine_ji-W800.jpg\" rel=\"lightbox[14959]\"><img decoding=\"async\" loading=\"lazy\" class=\"alignnone  wp-image-14960\" src=\"http:\/\/mundgericht.de\/wp-content\/uploads\/2016\/02\/Bratapfelterrine_ji-W800.jpg\" alt=\"Bratapfelterrine_ji-W800\" width=\"510\" height=\"340\" srcset=\"https:\/\/mundgericht.de\/wp-content\/uploads\/2016\/02\/Bratapfelterrine_ji-W800.jpg 800w, https:\/\/mundgericht.de\/wp-content\/uploads\/2016\/02\/Bratapfelterrine_ji-W800-300x200.jpg 300w\" sizes=\"(max-width: 510px) 100vw, 510px\" \/><\/a><\/p>\n<p>Ein wenig aufwendig, aber daf\u00fcr ein Traum von einem Dessert f\u00fcr einen kalten Winterabend. Am besten dazu ein Glas guten Portwein reichen.<\/p>\n<p><!--more--><\/p>\n<p><strong>2 \u00c4pfel<\/strong><br \/>\n<strong>40 gr. Sultaninen (oder Rosinen)<\/strong><br \/>\n<strong>60 gr. Mandelstifte<\/strong><br \/>\n<strong>60 gr, Zucker<\/strong><br \/>\n<strong>300 ml Sahnejoghurt<\/strong><br \/>\n<strong>2 Eier<\/strong><br \/>\n<strong>30 ml Apfelsaft<\/strong><br \/>\n<strong>40 ml Rum<\/strong><br \/>\n<strong>2 EL Zitronensaft<\/strong><br \/>\n<strong>2 EL Pflanzen\u00f6l<\/strong><br \/>\n<strong>\u00bc TL Zimtpulver<\/strong><br \/>\n<strong>6 Blatt Gelatine<\/strong><\/p>\n<p>Die Sultaninen 2 Stunden im Rum einweichen. Die \u00c4pfel sch\u00e4len und in kleine W\u00fcrfel schneiden. In einer Pfanne die Mandelstifte anr\u00f6sten. Dann das Pflanzen\u00f6l und die Apfelst\u00fccke dazu geben. 2-3 Minuten mit dem Zucker anbraten. Mit dem Zitronensaft, und den eingeweichten Sultaninen vermischen. Dann das Zimtpulver und den Sahnejoghurt unterheben. Die Gelatine im erw\u00e4rmten Apfelsaft aufl\u00f6sen und auch dazu geben. Abk\u00fchlen lassen. Unterdessen zwei Eiwei\u00dfe mit dem restlichen Zucker steif schlagen und ebenfalls unter die Apfelmasse heben.<br \/>\nEine kleine Kastenform (f\u00fcr mindestens 600 ml) mit Klarsichtfolie auskleiden (m\u00f6glichst soviel Folie verwenden, dass man sie \u00fcber die Masse legen kann). Die Masse einf\u00fcllen und im K\u00fchlschrank mindestens 5 Stunden k\u00fchlen und fest werden lassen.<br \/>\nDazu passt sehr gut Vanilleeis.<\/p>\n","protected":false},"excerpt":{"rendered":"<p>Ein wenig aufwendig, aber daf\u00fcr ein Traum von einem Dessert f\u00fcr einen kalten Winterabend. Am besten dazu ein Glas guten Portwein reichen.<\/p>\n","protected":false},"author":2,"featured_media":14960,"comment_status":"open","ping_status":"open","sticky":false,"template":"","format":"standard","meta":[],"categories":[72],"tags":[32,503,109,638,998,977,521,969,87,112,526,480],"aioseo_notices":[],"_links":{"self":[{"href":"https:\/\/mundgericht.de\/index.php\/wp-json\/wp\/v2\/posts\/14959"}],"collection":[{"href":"https:\/\/mundgericht.de\/index.php\/wp-json\/wp\/v2\/posts"}],"about":[{"href":"https:\/\/mundgericht.de\/index.php\/wp-json\/wp\/v2\/types\/post"}],"author":[{"embeddable":true,"href":"https:\/\/mundgericht.de\/index.php\/wp-json\/wp\/v2\/users\/2"}],"replies":[{"embeddable":true,"href":"https:\/\/mundgericht.de\/index.php\/wp-json\/wp\/v2\/comments?post=14959"}],"version-history":[{"count":2,"href":"https:\/\/mundgericht.de\/index.php\/wp-json\/wp\/v2\/posts\/14959\/revisions"}],"predecessor-version":[{"id":14962,"href":"https:\/\/mundgericht.de\/index.php\/wp-json\/wp\/v2\/posts\/14959\/revisions\/14962"}],"wp:featuredmedia":[{"embeddable":true,"href":"https:\/\/mundgericht.de\/index.php\/wp-json\/wp\/v2\/media\/14960"}],"wp:attachment":[{"href":"https:\/\/mundgericht.de\/index.php\/wp-json\/wp\/v2\/media?parent=14959"}],"wp:term":[{"taxonomy":"category","embeddable":true,"href":"https:\/\/mundgericht.de\/index.php\/wp-json\/wp\/v2\/categories?post=14959"},{"taxonomy":"post_tag","embeddable":true,"href":"https:\/\/mundgericht.de\/index.php\/wp-json\/wp\/v2\/tags?post=14959"}],"curies":[{"name":"wp","href":"https:\/\/api.w.org\/{rel}","templated":true}]}}