{"id":3243,"date":"2009-06-30T22:03:37","date_gmt":"2009-06-30T20:03:37","guid":{"rendered":"http:\/\/mundgericht.de\/?p=3243"},"modified":"2011-03-20T13:28:56","modified_gmt":"2011-03-20T11:28:56","slug":"tonkabohnen-sahnequark-mit-fruchten","status":"publish","type":"post","link":"https:\/\/mundgericht.de\/index.php\/tonkabohnen-sahnequark-mit-fruchten\/","title":{"rendered":"Tonkabohnen-Sahnequark mit Fr\u00fcchten"},"content":{"rendered":"<p><a href=\"http:\/\/mundgericht.de\/wp-content\/uploads\/2009\/06\/tonka-sahnequark.jpg\" rel=\"lightbox[3243]\"><img decoding=\"async\" loading=\"lazy\" class=\"alignnone size-full wp-image-3247\" title=\"tonka-sahnequark\" src=\"http:\/\/mundgericht.de\/wp-content\/uploads\/2009\/06\/tonka-sahnequark.jpg\" alt=\"tonka-sahnequark\" width=\"300\" height=\"225\" srcset=\"https:\/\/mundgericht.de\/wp-content\/uploads\/2009\/06\/tonka-sahnequark.jpg 800w, https:\/\/mundgericht.de\/wp-content\/uploads\/2009\/06\/tonka-sahnequark-300x225.jpg 300w\" sizes=\"(max-width: 300px) 100vw, 300px\" \/><\/a><\/p>\n<p>Die <a href=\"https:\/\/mundgericht.de\/index.php\/tonkabohne\/\">Tonkabohne<\/a> verwandelt diesen einfachen Obstquark zu etwas Besonderem.<\/p>\n<p><!--more--><\/p>\n<p><strong>200 gr. Sahnequark<br \/>\n200 gr. Sahne<br \/>\n60 gr. Zucker<br \/>\n150 gr. Blaubeeren<br \/>\n150 gr. Himbeeren<br \/>\n1 Tonkabohne<\/strong><\/p>\n<p>Den Speisequark und die Sahne kr\u00e4ftig verr\u00fchren. Den Zucker und die Fr\u00fcchte dazugeben (da geht alles, was gerade am Markt ist). Eine Tonkabohne dar\u00fcber reiben. Schon fertig!<\/p>\n","protected":false},"excerpt":{"rendered":"<p>Die verwandelt diesen einfachen Obstquark zu etwas Besonderem.<\/p>\n","protected":false},"author":2,"featured_media":3247,"comment_status":"open","ping_status":"open","sticky":false,"template":"","format":"standard","meta":[],"categories":[72],"tags":[404,405,129,270,200],"aioseo_notices":[],"_links":{"self":[{"href":"https:\/\/mundgericht.de\/index.php\/wp-json\/wp\/v2\/posts\/3243"}],"collection":[{"href":"https:\/\/mundgericht.de\/index.php\/wp-json\/wp\/v2\/posts"}],"about":[{"href":"https:\/\/mundgericht.de\/index.php\/wp-json\/wp\/v2\/types\/post"}],"author":[{"embeddable":true,"href":"https:\/\/mundgericht.de\/index.php\/wp-json\/wp\/v2\/users\/2"}],"replies":[{"embeddable":true,"href":"https:\/\/mundgericht.de\/index.php\/wp-json\/wp\/v2\/comments?post=3243"}],"version-history":[{"count":0,"href":"https:\/\/mundgericht.de\/index.php\/wp-json\/wp\/v2\/posts\/3243\/revisions"}],"wp:featuredmedia":[{"embeddable":true,"href":"https:\/\/mundgericht.de\/index.php\/wp-json\/wp\/v2\/media\/3247"}],"wp:attachment":[{"href":"https:\/\/mundgericht.de\/index.php\/wp-json\/wp\/v2\/media?parent=3243"}],"wp:term":[{"taxonomy":"category","embeddable":true,"href":"https:\/\/mundgericht.de\/index.php\/wp-json\/wp\/v2\/categories?post=3243"},{"taxonomy":"post_tag","embeddable":true,"href":"https:\/\/mundgericht.de\/index.php\/wp-json\/wp\/v2\/tags?post=3243"}],"curies":[{"name":"wp","href":"https:\/\/api.w.org\/{rel}","templated":true}]}}