{"id":659,"date":"2009-03-22T15:21:41","date_gmt":"2009-03-22T14:21:41","guid":{"rendered":"http:\/\/mundgericht.de\/?p=659"},"modified":"2011-03-20T13:29:03","modified_gmt":"2011-03-20T11:29:03","slug":"orangengelee-mit-sternanis","status":"publish","type":"post","link":"https:\/\/mundgericht.de\/index.php\/orangengelee-mit-sternanis\/","title":{"rendered":"Orangengelee mit Sternanis"},"content":{"rendered":"<p><a href=\"http:\/\/mundgericht.de\/wp-content\/uploads\/2009\/03\/orangengelee-w800-w800.jpg\" rel=\"lightbox[659]\"><img decoding=\"async\" loading=\"lazy\" class=\"alignnone size-full wp-image-679\" title=\"orangengelee-w800-w800\" src=\"http:\/\/mundgericht.de\/wp-content\/uploads\/2009\/03\/orangengelee-w800-w800.jpg\" alt=\"orangengelee-w800-w800\" width=\"300\" height=\"225\" srcset=\"https:\/\/mundgericht.de\/wp-content\/uploads\/2009\/03\/orangengelee-w800-w800.jpg 800w, https:\/\/mundgericht.de\/wp-content\/uploads\/2009\/03\/orangengelee-w800-w800-300x225.jpg 300w\" sizes=\"(max-width: 300px) 100vw, 300px\" \/><\/a><\/p>\n<p>Schmeckt nicht nur zur Weihnachtszeit.<\/p>\n<p><!--more--><strong>4 Saftorangen<br \/>\n1 Zitrone<br \/>\n2 EL Zucker<br \/>\n2 <a href=\"https:\/\/mundgericht.de\/index.php\/sternanis\/\">Sternanis<\/a><br \/>\n1 P\u00e4ckchen Gelatinepulver<br \/>\n<\/strong><br \/>\nDie Orangen und die Zitrone auspressen und in einem Topf mit den <a href=\"https:\/\/mundgericht.de\/index.php\/sternanis\/\">Sternanis<\/a> und dem Zucker 10 Minuten k\u00f6cheln lassen. Den Abrieb einer Orange dazugeben. Dann das vorher aufgeweichte Gelatinepulver einr\u00fchren bis es sich aufgel\u00f6st hat.<\/p>\n<p>Alles in kleine F\u00f6rmchen geben und einige Stunden fest werden lassen.<\/p>\n<p>St\u00fcrzen und mit einem Klacks Schlagsahne und einigen Obstspalten servieren.<\/p>\n","protected":false},"excerpt":{"rendered":"<p>Schmeckt nicht nur zur Weihnachtszeit.<\/p>\n","protected":false},"author":2,"featured_media":679,"comment_status":"open","ping_status":"open","sticky":false,"template":"","format":"standard","meta":[],"categories":[72],"tags":[393,71],"aioseo_notices":[],"_links":{"self":[{"href":"https:\/\/mundgericht.de\/index.php\/wp-json\/wp\/v2\/posts\/659"}],"collection":[{"href":"https:\/\/mundgericht.de\/index.php\/wp-json\/wp\/v2\/posts"}],"about":[{"href":"https:\/\/mundgericht.de\/index.php\/wp-json\/wp\/v2\/types\/post"}],"author":[{"embeddable":true,"href":"https:\/\/mundgericht.de\/index.php\/wp-json\/wp\/v2\/users\/2"}],"replies":[{"embeddable":true,"href":"https:\/\/mundgericht.de\/index.php\/wp-json\/wp\/v2\/comments?post=659"}],"version-history":[{"count":0,"href":"https:\/\/mundgericht.de\/index.php\/wp-json\/wp\/v2\/posts\/659\/revisions"}],"wp:featuredmedia":[{"embeddable":true,"href":"https:\/\/mundgericht.de\/index.php\/wp-json\/wp\/v2\/media\/679"}],"wp:attachment":[{"href":"https:\/\/mundgericht.de\/index.php\/wp-json\/wp\/v2\/media?parent=659"}],"wp:term":[{"taxonomy":"category","embeddable":true,"href":"https:\/\/mundgericht.de\/index.php\/wp-json\/wp\/v2\/categories?post=659"},{"taxonomy":"post_tag","embeddable":true,"href":"https:\/\/mundgericht.de\/index.php\/wp-json\/wp\/v2\/tags?post=659"}],"curies":[{"name":"wp","href":"https:\/\/api.w.org\/{rel}","templated":true}]}}